{"id":2946,"date":"2021-07-19T11:39:02","date_gmt":"2021-07-19T14:39:02","guid":{"rendered":"https:\/\/csbc.sbc.org.br\/2022\/?p=2946"},"modified":"2021-07-22T11:39:27","modified_gmt":"2021-07-22T14:39:27","slug":"premio-associada-destaque-sbc-2021","status":"publish","type":"post","link":"https:\/\/csbc.sbc.org.br\/2022\/blog\/2021\/07\/19\/premio-associada-destaque-sbc-2021\/","title":{"rendered":"Pr\u00eamio Associada Destaque SBC 2021"},"content":{"rendered":"\n<p>Durante a Assembl\u00e9ia Geral da SBC realizada no dia 22\/07, a professora Silvia Bim foi agraciada com o Pr\u00eamio Associada Destaque SBC 2021. Membro da SBC desde 2001, a docente da Universidade Tecnol\u00f3gica Federal do Paran\u00e1 (UTFPR) desde 2012, a pesquisadora tem, ao longo de sua carreira, prestado importantes contribui\u00e7\u00f5es \u00e0 SBC, tendo atuado como Coordenadora do Programa Meninas Digitais (2015 &#8211; 2019), Secret\u00e1ria da SBC &#8211; Regional Paran\u00e1 (2017 &#8211; 2019) e Coordenadora do Projeto Parceiro MD &#8211; Em\u00edli@s &#8211; Arma\u00e7\u00e3o em bits (2013 &#8211; 2014). Uma das suas a\u00e7\u00f5es de maiores destaques foi elabora\u00e7\u00e3o e publica\u00e7\u00e3o do livro infantil \u201cA vida de Ada Lovelace\u201d (julho, 2018), com o apoio da SBC, que teve sua renda revertida para o Programa Meninas.<\/p>\n","protected":false},"excerpt":{"rendered":"<p>Durante a Assembl\u00e9ia Geral da SBC realizada no dia 22\/07, a professora Silvia Bim foi agraciada com o Pr\u00eamio Associada Destaque SBC 2021. Membro da SBC desde 2001, a docente da Universidade Tecnol\u00f3gica Federal do Paran\u00e1 (UTFPR) desde 2012, a pesquisadora tem, ao longo de sua carreira, prestado importantes contribui\u00e7\u00f5es \u00e0 SBC, tendo atuado como [&hellip;]<\/p>\n","protected":false},"author":1,"featured_media":2947,"comment_status":"open","ping_status":"open","sticky":false,"template":"","format":"standard","meta":{"inline_featured_image":false,"footnotes":""},"categories":[22,4],"tags":[],"class_list":["post-2946","post","type-post","status-publish","format-standard","has-post-thumbnail","hentry","category-csbc2021","category-eventos"],"_links":{"self":[{"href":"https:\/\/csbc.sbc.org.br\/2022\/wp-json\/wp\/v2\/posts\/2946","targetHints":{"allow":["GET"]}}],"collection":[{"href":"https:\/\/csbc.sbc.org.br\/2022\/wp-json\/wp\/v2\/posts"}],"about":[{"href":"https:\/\/csbc.sbc.org.br\/2022\/wp-json\/wp\/v2\/types\/post"}],"author":[{"embeddable":true,"href":"https:\/\/csbc.sbc.org.br\/2022\/wp-json\/wp\/v2\/users\/1"}],"replies":[{"embeddable":true,"href":"https:\/\/csbc.sbc.org.br\/2022\/wp-json\/wp\/v2\/comments?post=2946"}],"version-history":[{"count":1,"href":"https:\/\/csbc.sbc.org.br\/2022\/wp-json\/wp\/v2\/posts\/2946\/revisions"}],"predecessor-version":[{"id":2948,"href":"https:\/\/csbc.sbc.org.br\/2022\/wp-json\/wp\/v2\/posts\/2946\/revisions\/2948"}],"wp:featuredmedia":[{"embeddable":true,"href":"https:\/\/csbc.sbc.org.br\/2022\/wp-json\/wp\/v2\/media\/2947"}],"wp:attachment":[{"href":"https:\/\/csbc.sbc.org.br\/2022\/wp-json\/wp\/v2\/media?parent=2946"}],"wp:term":[{"taxonomy":"category","embeddable":true,"href":"https:\/\/csbc.sbc.org.br\/2022\/wp-json\/wp\/v2\/categories?post=2946"},{"taxonomy":"post_tag","embeddable":true,"href":"https:\/\/csbc.sbc.org.br\/2022\/wp-json\/wp\/v2\/tags?post=2946"}],"curies":[{"name":"wp","href":"https:\/\/api.w.org\/{rel}","templated":true}]}}